{"id":21826,"date":"2026-01-21T11:55:40","date_gmt":"2026-01-21T10:55:40","guid":{"rendered":"https:\/\/www.ecopack.com\/?p=21826"},"modified":"2026-01-21T11:56:16","modified_gmt":"2026-01-21T10:56:16","slug":"coppa-del-mondo-del-panettone","status":"publish","type":"post","link":"https:\/\/www.ecopack.com\/fr\/coppa-del-mondo-del-panettone\/","title":{"rendered":"Coppa del Mondo del Panettone : la s\u00e9lection italienne 2026 est termin\u00e9e !"},"content":{"rendered":"<p>Le dimanche 18 janvier 2026, la <strong>s\u00e9lection italienne<\/strong> de la <a href=\"https:\/\/coppadelmondodelpanettone.com\/\" target=\"_blank\" rel=\"noopener\"><strong data-start=\"211\" data-end=\"244\">Coppa del Mondo del Panettone<\/strong><\/a> s\u2019est tenue au <a href=\"https:\/\/www.sigep.it\/en\" target=\"_blank\" rel=\"noopener\"><strong>SIGEP<\/strong><\/a> de Rimini, un rendez-vous incontournable pour le monde de la p\u00e2tisserie d\u2019excellence. \u00c0 cette occasion, nous, chez <a href=\"https:\/\/www.ecopack.com\/fr\/\"><strong>Ecopack<\/strong><\/a>, avons particip\u00e9 \u00e0 l\u2019\u00e9v\u00e9nement en tant que l\u2019un des <strong>sponsors officiels<\/strong>, r\u00e9affirmant notre engagement \u00e0 soutenir des initiatives qui valorisent la qualit\u00e9, la tradition et l\u2019innovation dans le secteur.<\/p>\n<h3 data-start=\"154\" data-end=\"213\"><strong data-start=\"158\" data-end=\"213\">Coppa del Mondo del Panettone : de quoi s\u2019agit-il ?<\/strong><\/h3>\n<p data-start=\"215\" data-end=\"616\">La <strong data-start=\"218\" data-end=\"251\">Coppa del Mondo del Panettone<\/strong> est une comp\u00e9tition internationale enti\u00e8rement d\u00e9di\u00e9e au g\u00e2teau lev\u00e9 symbole de la tradition p\u00e2tissi\u00e8re italienne : le Panettone. Cette initiative a \u00e9t\u00e9 cr\u00e9\u00e9e pour mettre en valeur l\u2019histoire, la culture et l\u2019excellence artisanale d\u2019un produit qui, depuis ses origines, a r\u00e9ussi \u00e0 s\u2019imposer \u00e0 l\u2019\u00e9chelle mondiale dans le domaine de la p\u00e2tisserie de haute qualit\u00e9.<\/p>\n<p data-start=\"618\" data-end=\"985\">L\u2019\u00e9v\u00e9nement a <strong>lieu tous les deux ans<\/strong> et alterne avec les<strong> s\u00e9lections nationales<\/strong> organis\u00e9es dans diff\u00e9rents pays du monde, notamment en Argentine, Australie, Br\u00e9sil, France, Italie, Japon, Espagne, Suisse, \u00c9tats-Unis, P\u00e9rou et Portugal. Un parcours international qui r\u00e9unit les meilleurs professionnels du secteur, promouvant la qualit\u00e9, l\u2019innovation et la tradition.<\/p>\n<p data-start=\"987\" data-end=\"1470\">La comp\u00e9tition est dirig\u00e9e par le <strong>Ma\u00eetre Giuseppe Piffaretti<\/strong>, patron de l\u2019\u00e9v\u00e9nement, qui s\u2019appuie sur la collaboration de certains des professionnels les plus reconnus de la haute p\u00e2tisserie au niveau international. Parmi eux figurent des noms de r\u00e9f\u00e9rence tels que <strong>Iginio Massari, Gianbattista Montanari, Pierpaolo Magni, Andrea Besuschio, Angelo Musolino, Biagio Settepani, Gastone Pegoraro, Carlos Mariel, Franck Collas, Rogerio Shimura, Juan Carlos Lopez et Juan Pablo Colubri<\/strong>.<\/p>\n<h3 data-start=\"92\" data-end=\"125\"><strong data-start=\"96\" data-end=\"125\">La contribution d\u2019Ecopack<\/strong><\/h3>\n<p data-start=\"127\" data-end=\"631\">\u00c0 l\u2019occasion de la s\u00e9lection italienne de la <strong data-start=\"172\" data-end=\"205\">Coppa del Mondo del Panettone<\/strong>, nous avons activement soutenu la comp\u00e9tition en fournissant \u00e0 tous les participants nos <strong>moules de cuisson en papier personnalis\u00e9es<\/strong>, sp\u00e9cialement con\u00e7ues pour l\u2019\u00e9v\u00e9nement. Les g\u00e2teaux lev\u00e9s pr\u00e9sent\u00e9s au jury ont \u00e9t\u00e9 mis en valeur gr\u00e2ce \u00e0 des solutions \u00e9tudi\u00e9es pour garantir qualit\u00e9, fonctionnalit\u00e9 et esth\u00e9tisme, confirmant ainsi l\u2019engagement d\u2019Ecopack \u00e0 soutenir l\u2019excellence artisanale et les grandes manifestations du secteur.<\/p>\n<div id=\"attachment_21776\" style=\"width: 298px\" class=\"wp-caption aligncenter\"><img decoding=\"async\" aria-describedby=\"caption-attachment-21776\" class=\"wp-image-21776\" src=\"https:\/\/www.ecopack.com\/wp-content\/uploads\/2026\/01\/Coppa-del-Mondo-del-Panettone-Pirottini.jpg\" alt=\"Coppa del Mondo del Panettone \" width=\"288\" height=\"384\" title=\"\" srcset=\"https:\/\/www.ecopack.com\/wp-content\/uploads\/2026\/01\/Coppa-del-Mondo-del-Panettone-Pirottini-200x267.jpg 200w, https:\/\/www.ecopack.com\/wp-content\/uploads\/2026\/01\/Coppa-del-Mondo-del-Panettone-Pirottini-225x300.jpg 225w, https:\/\/www.ecopack.com\/wp-content\/uploads\/2026\/01\/Coppa-del-Mondo-del-Panettone-Pirottini-400x533.jpg 400w, https:\/\/www.ecopack.com\/wp-content\/uploads\/2026\/01\/Coppa-del-Mondo-del-Panettone-Pirottini-600x800.jpg 600w, https:\/\/www.ecopack.com\/wp-content\/uploads\/2026\/01\/Coppa-del-Mondo-del-Panettone-Pirottini-768x1024.jpg 768w, https:\/\/www.ecopack.com\/wp-content\/uploads\/2026\/01\/Coppa-del-Mondo-del-Panettone-Pirottini-800x1067.jpg 800w, https:\/\/www.ecopack.com\/wp-content\/uploads\/2026\/01\/Coppa-del-Mondo-del-Panettone-Pirottini-1152x1536.jpg 1152w, https:\/\/www.ecopack.com\/wp-content\/uploads\/2026\/01\/Coppa-del-Mondo-del-Panettone-Pirottini-1200x1600.jpg 1200w, https:\/\/www.ecopack.com\/wp-content\/uploads\/2026\/01\/Coppa-del-Mondo-del-Panettone-Pirottini.jpg 1440w\" sizes=\"(max-width: 288px) 100vw, 288px\" \/><p id=\"caption-attachment-21776\" class=\"wp-caption-text\">Molues de cuisson Ecopack personnalis\u00e9es pour la Coppa del Mondo del Panettone<\/p><\/div>\n<h3 data-start=\"163\" data-end=\"235\"><strong data-start=\"167\" data-end=\"235\">Les finalistes italiens de la Coppa del Mondo del Panettone 2026<\/strong><\/h3>\n<p data-start=\"237\" data-end=\"500\">\u00c0 cette occasion, les 5 finalistes de chacune des deux cat\u00e9gories en comp\u00e9tition ont \u00e9t\u00e9 d\u00e9sign\u00e9s : Panettone Traditionnel et Panettone au Chocolat. D\u00e9couvrons ensemble les 10 p\u00e2tissiers qualifi\u00e9s pour la finale mondiale qui se tiendra \u00e0 Milan en novembre 2026.<\/p>\n<p data-start=\"502\" data-end=\"591\">Voici les noms des 5 finalistes italiens pour la cat\u00e9gorie <strong data-start=\"561\" data-end=\"587\">Panettone Traditionnel<\/strong> :<\/p>\n<p data-start=\"593\" data-end=\"981\">1er prix \u2013 <strong data-start=\"604\" data-end=\"624\">Riccardo Manduca<\/strong>, Solodamanduca, Aprilia (LT)<br data-start=\"653\" data-end=\"656\" \/>2e prix \u2013 <strong data-start=\"666\" data-end=\"686\">Roberto Moreschi<\/strong>, Roberto Pastry &amp; Bakery, Chiavenna (SO)<br data-start=\"727\" data-end=\"730\" \/>3e prix \u2013 <strong data-start=\"740\" data-end=\"761\">Fiorenze Ascolese<\/strong>, La Boutique dei Lievitati, San Valentino Torio (SA)<br data-start=\"814\" data-end=\"817\" \/>4e prix \u2013 <strong data-start=\"827\" data-end=\"845\">Luigi Vetrella<\/strong>, Visioni Lievitati per Eccellenza, Macerata Campania (CE)<br data-start=\"903\" data-end=\"906\" \/>5e prix \u2013 <strong data-start=\"916\" data-end=\"935\">Matteo Papanice<\/strong>, Cresci di Papanice, Castellana Grotte (BA)<\/p>\n<div id=\"attachment_21787\" style=\"width: 371px\" class=\"wp-caption aligncenter\"><img decoding=\"async\" aria-describedby=\"caption-attachment-21787\" class=\"wp-image-21787\" src=\"https:\/\/www.ecopack.com\/wp-content\/uploads\/2026\/01\/Panettone-Tradizionale.jpg\" alt=\"\" width=\"361\" height=\"481\" title=\"\" srcset=\"https:\/\/www.ecopack.com\/wp-content\/uploads\/2026\/01\/Panettone-Tradizionale-200x267.jpg 200w, https:\/\/www.ecopack.com\/wp-content\/uploads\/2026\/01\/Panettone-Tradizionale-225x300.jpg 225w, https:\/\/www.ecopack.com\/wp-content\/uploads\/2026\/01\/Panettone-Tradizionale-400x533.jpg 400w, https:\/\/www.ecopack.com\/wp-content\/uploads\/2026\/01\/Panettone-Tradizionale-600x800.jpg 600w, https:\/\/www.ecopack.com\/wp-content\/uploads\/2026\/01\/Panettone-Tradizionale-768x1024.jpg 768w, https:\/\/www.ecopack.com\/wp-content\/uploads\/2026\/01\/Panettone-Tradizionale-800x1067.jpg 800w, https:\/\/www.ecopack.com\/wp-content\/uploads\/2026\/01\/Panettone-Tradizionale-1152x1536.jpg 1152w, https:\/\/www.ecopack.com\/wp-content\/uploads\/2026\/01\/Panettone-Tradizionale-1200x1600.jpg 1200w, https:\/\/www.ecopack.com\/wp-content\/uploads\/2026\/01\/Panettone-Tradizionale.jpg 1440w\" sizes=\"(max-width: 361px) 100vw, 361px\" \/><p id=\"caption-attachment-21787\" class=\"wp-caption-text\">Premier, deuxi\u00e8me et troisi\u00e8me prix dans la cat\u00e9gorie Traditionnelle<\/p><\/div>\n<p data-start=\"218\" data-end=\"313\">Voici les 5 finalistes de la cat\u00e9gorie <strong data-start=\"257\" data-end=\"282\">Panettone au Chocolat<\/strong>, ainsi que leur classement :<\/p>\n<p data-start=\"315\" data-end=\"672\">1er prix \u2013 <strong data-start=\"326\" data-end=\"348\">Armando Pascarella<\/strong>, Pasticceria Armando Pascarella, San Felice a Cancello (CE)<br data-start=\"408\" data-end=\"411\" \/>2e prix \u2013 <strong data-start=\"421\" data-end=\"442\">Pompilio Giardino<\/strong>, Panificio Pompilio, Adriano Irpino (AV)<br data-start=\"483\" data-end=\"486\" \/>3e prix \u2013 <strong data-start=\"496\" data-end=\"514\">Luigi Avallone<\/strong>, Pasticceria F.lli Avallone, Quarto (NA)<br data-start=\"555\" data-end=\"558\" \/>4e prix \u2013 <strong data-start=\"568\" data-end=\"587\">Andrea Ceracchi<\/strong>, Maciste Pasticceria, Cori (LT)<br data-start=\"619\" data-end=\"622\" \/>5e prix \u2013 <strong data-start=\"632\" data-end=\"652\">Alessandro Slama<\/strong>, Da Slama, Ischia.<\/p>\n<div id=\"attachment_21792\" style=\"width: 363px\" class=\"wp-caption aligncenter\"><img decoding=\"async\" aria-describedby=\"caption-attachment-21792\" class=\"wp-image-21792\" src=\"https:\/\/www.ecopack.com\/wp-content\/uploads\/2026\/01\/Panettone-Cioccolato.jpg\" alt=\"\" width=\"353\" height=\"470\" title=\"\" srcset=\"https:\/\/www.ecopack.com\/wp-content\/uploads\/2026\/01\/Panettone-Cioccolato-200x267.jpg 200w, https:\/\/www.ecopack.com\/wp-content\/uploads\/2026\/01\/Panettone-Cioccolato-225x300.jpg 225w, https:\/\/www.ecopack.com\/wp-content\/uploads\/2026\/01\/Panettone-Cioccolato-400x533.jpg 400w, https:\/\/www.ecopack.com\/wp-content\/uploads\/2026\/01\/Panettone-Cioccolato-600x800.jpg 600w, https:\/\/www.ecopack.com\/wp-content\/uploads\/2026\/01\/Panettone-Cioccolato-768x1024.jpg 768w, https:\/\/www.ecopack.com\/wp-content\/uploads\/2026\/01\/Panettone-Cioccolato-800x1067.jpg 800w, https:\/\/www.ecopack.com\/wp-content\/uploads\/2026\/01\/Panettone-Cioccolato-1152x1536.jpg 1152w, https:\/\/www.ecopack.com\/wp-content\/uploads\/2026\/01\/Panettone-Cioccolato-1200x1600.jpg 1200w, https:\/\/www.ecopack.com\/wp-content\/uploads\/2026\/01\/Panettone-Cioccolato.jpg 1440w\" sizes=\"(max-width: 353px) 100vw, 353px\" \/><p id=\"caption-attachment-21792\" class=\"wp-caption-text\">Premier, deuxi\u00e8me et troisi\u00e8me prix dans la cat\u00e9gorie Chocolat<\/p><\/div>\n<p data-start=\"95\" data-end=\"453\">Avec cette s\u00e9lection, la liste des candidats italiens qui acc\u00e9deront \u00e0 la finale mondiale est d\u00e9sormais d\u00e9finie. Apr\u00e8s les s\u00e9lections nationales en Italie, Espagne, Portugal, Suisse, France, Br\u00e9sil, Singapour et \u00c9tats-Unis, les finales pour les \u00e9quipes du P\u00e9rou, du Japon, de Ta\u00efwan et de l\u2019Australie sont d\u00e9sormais attendues, pr\u00e9vues entre f\u00e9vrier et mai.<\/p>\n<h3 data-start=\"164\" data-end=\"191\">Un jury prestigieux pour la Coppa del Mondo del Panettone<\/h3>\n<p data-start=\"193\" data-end=\"544\">Les travaux des participants \u00e0 la finale italienne de la <strong data-start=\"250\" data-end=\"288\">Coppa del Mondo del Panettone 2026<\/strong> ont \u00e9t\u00e9 jug\u00e9s par un jury d\u2019exception, compos\u00e9 de p\u00e2tissiers de renomm\u00e9e internationale, qui ont analys\u00e9 avec attention et expertise chaque d\u00e9tail des cr\u00e9ations, mettant en valeur l\u2019excellence artisanale et le talent des ma\u00eetres italiens en comp\u00e9tition.<\/p>\n<p data-start=\"546\" data-end=\"583\"><strong data-start=\"546\" data-end=\"581\">Jury Panettone Traditionnel :<\/strong><\/p>\n<ul data-start=\"585\" data-end=\"996\">\n<li data-start=\"585\" data-end=\"634\">\n<p data-start=\"587\" data-end=\"634\"><strong data-start=\"587\" data-end=\"607\">Giuseppe Mascolo<\/strong> \u2013 Champion du monde 2022<\/p>\n<\/li>\n<li data-start=\"635\" data-end=\"690\">\n<p data-start=\"637\" data-end=\"690\"><strong data-start=\"637\" data-end=\"652\">Jes\u00fas Machi<\/strong> \u2013 Pr\u00e9sident, Richemont Club Espagne<\/p>\n<\/li>\n<li data-start=\"691\" data-end=\"740\">\n<p data-start=\"693\" data-end=\"740\"><strong data-start=\"693\" data-end=\"713\">Stefania Mantero<\/strong> \u2013 Ma\u00eetre p\u00e2tissier, APEI<\/p>\n<\/li>\n<li data-start=\"741\" data-end=\"789\">\n<p data-start=\"743\" data-end=\"789\"><strong data-start=\"743\" data-end=\"759\">Oscar Pagani<\/strong> \u2013 Maestri del Lievito Madre<\/p>\n<\/li>\n<li data-start=\"790\" data-end=\"835\">\n<p data-start=\"792\" data-end=\"835\"><strong data-start=\"792\" data-end=\"818\">Gianbattista Montanari<\/strong> \u2013 Ma\u00eetre, AMPI<\/p>\n<\/li>\n<li data-start=\"836\" data-end=\"886\">\n<p data-start=\"838\" data-end=\"886\"><strong data-start=\"838\" data-end=\"859\">Salvatore Tortora<\/strong> \u2013 Champion du monde 2021<\/p>\n<\/li>\n<li data-start=\"887\" data-end=\"937\">\n<p data-start=\"889\" data-end=\"937\"><strong data-start=\"889\" data-end=\"909\">Nicolas Botomisy<\/strong> \u2013 P\u00e2tissier &amp; Chocolatier<\/p>\n<\/li>\n<li data-start=\"938\" data-end=\"996\">\n<p data-start=\"940\" data-end=\"996\"><strong data-start=\"940\" data-end=\"956\">Enrico Cerea<\/strong> \u2013 Ma\u00eetre APEI, trois \u00e9toiles Michelin<\/p>\n<\/li>\n<\/ul>\n<div id=\"attachment_21797\" style=\"width: 392px\" class=\"wp-caption aligncenter\"><img decoding=\"async\" aria-describedby=\"caption-attachment-21797\" class=\"wp-image-21797\" src=\"https:\/\/www.ecopack.com\/wp-content\/uploads\/2026\/01\/Giurati-tradiz.jpg\" alt=\"\" width=\"382\" height=\"509\" title=\"\" srcset=\"https:\/\/www.ecopack.com\/wp-content\/uploads\/2026\/01\/Giurati-tradiz-200x267.jpg 200w, https:\/\/www.ecopack.com\/wp-content\/uploads\/2026\/01\/Giurati-tradiz-225x300.jpg 225w, https:\/\/www.ecopack.com\/wp-content\/uploads\/2026\/01\/Giurati-tradiz-400x533.jpg 400w, https:\/\/www.ecopack.com\/wp-content\/uploads\/2026\/01\/Giurati-tradiz-600x800.jpg 600w, https:\/\/www.ecopack.com\/wp-content\/uploads\/2026\/01\/Giurati-tradiz-768x1024.jpg 768w, https:\/\/www.ecopack.com\/wp-content\/uploads\/2026\/01\/Giurati-tradiz-800x1067.jpg 800w, https:\/\/www.ecopack.com\/wp-content\/uploads\/2026\/01\/Giurati-tradiz-1152x1536.jpg 1152w, https:\/\/www.ecopack.com\/wp-content\/uploads\/2026\/01\/Giurati-tradiz-1200x1600.jpg 1200w, https:\/\/www.ecopack.com\/wp-content\/uploads\/2026\/01\/Giurati-tradiz.jpg 1440w\" sizes=\"(max-width: 382px) 100vw, 382px\" \/><p id=\"caption-attachment-21797\" class=\"wp-caption-text\">Jury Panettone Traditionnel<\/p><\/div>\n<p data-start=\"136\" data-end=\"172\"><strong data-start=\"136\" data-end=\"170\">Jury Panettone au Chocolat :<\/strong><\/p>\n<ul data-start=\"174\" data-end=\"622\">\n<li data-start=\"174\" data-end=\"246\">\n<p data-start=\"176\" data-end=\"246\"><strong data-start=\"176\" data-end=\"191\">Jos\u00e8 Romero<\/strong> \u2013 Ambassadeur et d\u00e9monstrateur, Molino Dallagiovanna<\/p>\n<\/li>\n<li data-start=\"247\" data-end=\"298\">\n<p data-start=\"249\" data-end=\"298\"><strong data-start=\"249\" data-end=\"271\">Carlotta Filippini<\/strong> \u2013 Ma\u00eetre p\u00e2tissier, APEI<\/p>\n<\/li>\n<li data-start=\"299\" data-end=\"344\">\n<p data-start=\"301\" data-end=\"344\"><strong data-start=\"301\" data-end=\"317\">Marco Pedron<\/strong> \u2013 Ma\u00eetre p\u00e2tissier, APEI<\/p>\n<\/li>\n<li data-start=\"345\" data-end=\"402\">\n<p data-start=\"347\" data-end=\"402\"><strong data-start=\"347\" data-end=\"365\">Matteo Cunsolo<\/strong> \u2013 Pr\u00e9sident, Richemont Club Italie<\/p>\n<\/li>\n<li data-start=\"403\" data-end=\"454\">\n<p data-start=\"405\" data-end=\"454\"><strong data-start=\"405\" data-end=\"424\">Angelo Di Masso<\/strong> \u2013 Ma\u00eetre p\u00e2tissier, CONPAIT<\/p>\n<\/li>\n<li data-start=\"455\" data-end=\"505\">\n<p data-start=\"457\" data-end=\"505\"><strong data-start=\"457\" data-end=\"475\">Matteo Papagno<\/strong> \u2013 Ma\u00eetre p\u00e2tissier, CONPAIT<\/p>\n<\/li>\n<li data-start=\"506\" data-end=\"559\">\n<p data-start=\"508\" data-end=\"559\"><strong data-start=\"508\" data-end=\"525\">Ezio Marinato<\/strong> \u2013 Ma\u00eetre d\u2019arts et m\u00e9tiers 2016<\/p>\n<\/li>\n<li data-start=\"560\" data-end=\"622\">\n<p data-start=\"562\" data-end=\"622\"><strong data-start=\"562\" data-end=\"580\">Paolo Staccoli<\/strong> \u2013 Ma\u00eetre p\u00e2tissier et chocolatier, APEI<\/p>\n<\/li>\n<\/ul>\n<div id=\"attachment_21802\" style=\"width: 406px\" class=\"wp-caption aligncenter\"><img decoding=\"async\" aria-describedby=\"caption-attachment-21802\" class=\"wp-image-21802\" src=\"https:\/\/www.ecopack.com\/wp-content\/uploads\/2026\/01\/Giurati-Cioco.jpg\" alt=\"\" width=\"396\" height=\"528\" title=\"\" srcset=\"https:\/\/www.ecopack.com\/wp-content\/uploads\/2026\/01\/Giurati-Cioco-200x267.jpg 200w, https:\/\/www.ecopack.com\/wp-content\/uploads\/2026\/01\/Giurati-Cioco-225x300.jpg 225w, https:\/\/www.ecopack.com\/wp-content\/uploads\/2026\/01\/Giurati-Cioco-400x533.jpg 400w, https:\/\/www.ecopack.com\/wp-content\/uploads\/2026\/01\/Giurati-Cioco-600x800.jpg 600w, https:\/\/www.ecopack.com\/wp-content\/uploads\/2026\/01\/Giurati-Cioco-768x1024.jpg 768w, https:\/\/www.ecopack.com\/wp-content\/uploads\/2026\/01\/Giurati-Cioco-800x1067.jpg 800w, https:\/\/www.ecopack.com\/wp-content\/uploads\/2026\/01\/Giurati-Cioco-1152x1536.jpg 1152w, https:\/\/www.ecopack.com\/wp-content\/uploads\/2026\/01\/Giurati-Cioco-1200x1600.jpg 1200w, https:\/\/www.ecopack.com\/wp-content\/uploads\/2026\/01\/Giurati-Cioco.jpg 1440w\" sizes=\"(max-width: 396px) 100vw, 396px\" \/><p id=\"caption-attachment-21802\" class=\"wp-caption-text\">Jury Panettone au Chocolat<\/p><\/div>\n<h3 data-start=\"153\" data-end=\"215\"><strong data-start=\"157\" data-end=\"215\">La finale de la Coppa del Mondo del Panettone approche<\/strong><\/h3>\n<p data-start=\"217\" data-end=\"577\">Avec la finale mondiale qui se profile \u00e0 l\u2019horizon, l\u2019excellence de la p\u00e2tisserie italienne continue de briller sur la sc\u00e8ne internationale. Nous sommes fiers de soutenir cette comp\u00e9tition, confirmant ainsi notre engagement \u00e0 fournir des solutions en papier qui mettent en valeur chaque cr\u00e9ation p\u00e2tissi\u00e8re, alliant qualit\u00e9, innovation et passion artisanale.<\/p>\n<p data-start=\"217\" data-end=\"577\"><em><strong>Qui en parle :<\/strong><\/em><\/p>\n<p data-start=\"147\" data-end=\"453\"><em><a href=\"https:\/\/www.beverfood.com\/coppa-mondo-panettone-finalisti-italiani-2026\" target=\"_blank\" rel=\"noopener\">Bever Food<\/a><\/em><\/p>\n<p data-start=\"147\" data-end=\"453\"><em><a href=\"https:\/\/www.comunicaffe.it\/coppa-del-mondo-del-panettone-finalisti-italiani-sigep-rimini\" target=\"_blank\" rel=\"noopener\">Comuni Caff\u00e8<\/a><\/em><\/p>\n<p data-start=\"147\" data-end=\"453\"><em><a href=\"https:\/\/www.lacucinaitaliana.it\/article\/coppa-del-mondo-del-panettone-2026-finalisti-italiani\/?fbclid=PAZXh0bgNhZW0CMTEAc3J0YwZhcHBfaWQMMjU2MjgxMDQwNTU4AAGn99J77sj07lymnXBuQJnXtShphC5YkxPASdWUR5dECUp-eJXJATHXgm1M5hc_aem_fsxaQ37md-ctZmRidIVhYQ\" target=\"_blank\" rel=\"noopener\">La cucina italiana<\/a><\/em><\/p>\n<p data-start=\"147\" data-end=\"453\"><em><a href=\"https:\/\/www.riminitoday.it\/attualita\/italia-panettone-sfila-sigep-scelti-maestri-pasticcieri-finale-mondiale.html?fbclid=PAZXh0bgNhZW0CMTEAc3J0YwZhcHBfaWQMMjU2MjgxMDQwNTU4AAGn-b1-uNBpOdSGRJs-sX5z2WXRJqchqgVwLyTraBN1Gg3g58slU2uosq1WVLc_aem_K8xXvfWDTcDYkrDGRAPdag\" target=\"_blank\" rel=\"noopener\">Rimini Today<\/a><\/em><\/p>\n<p data-start=\"147\" data-end=\"453\"><em><a href=\"https:\/\/www.riminitoday.it\/attualita\/italia-panettone-sfila-sigep-scelti-maestri-pasticcieri-finale-mondiale.html?fbclid=PAZXh0bgNhZW0CMTEAc3J0YwZhcHBfaWQMMjU2MjgxMDQwNTU4AAGn-b1-uNBpOdSGRJs-sX5z2WXRJqchqgVwLyTraBN1Gg3g58slU2uosq1WVLc_aem_K8xXvfWDTcDYkrDGRAPdag\" target=\"_blank\" rel=\"noopener\">Mixer Planet<\/a><\/em><\/p>\n<p data-start=\"147\" data-end=\"453\"><em><a href=\"https:\/\/www.efanews.eu\/it\/item\/56813-sigep-coppa-del-mondo-panettone-ecco-i-dieci-finalisti-italiani.html\" target=\"_blank\" rel=\"noopener\">EFA News<\/a><\/em><\/p>\n<p data-start=\"147\" data-end=\"453\"><em><a href=\"https:\/\/www.dolcesalato.com\/2026\/01\/19\/coppa-del-mondo-del-panettone-i-10-finalisti-italiani\" target=\"_blank\" rel=\"noopener\">Dolce Salato<\/a><\/em><\/p>\n<p data-start=\"147\" data-end=\"453\"><em><a href=\"https:\/\/www.foodaffairs.it\/2026\/01\/19\/finale-italiana-della-coppa-del-mondo-del-panettone-selezionati-i-dieci-maestri-che-accedono-alla-sfida-mondiale\" target=\"_blank\" rel=\"noopener\">Food Affairs<\/a><\/em><\/p>\n<p data-start=\"147\" data-end=\"453\"><em><a href=\"https:\/\/www.italianfoodtoday.it\/2026\/01\/19\/al-sigep-i-dieci-finalisti-della-coppa-del-mondo-di-panettone\" target=\"_blank\" rel=\"noopener\">Italian Food Today<\/a><\/em><\/p>\n","protected":false},"excerpt":{"rendered":"<p>Le dimanche 18 janvier 2026, la s\u00e9lection italienne de la  [&#8230;]<\/p>\n","protected":false},"author":4,"featured_media":21810,"comment_status":"closed","ping_status":"open","sticky":false,"template":"","format":"standard","meta":{"_acf_changed":false,"inline_featured_image":false,"footnotes":""},"categories":[238],"tags":[],"class_list":["post-21826","post","type-post","status-publish","format-standard","has-post-thumbnail","hentry","category-non-classifiee"],"acf":[],"_links":{"self":[{"href":"https:\/\/www.ecopack.com\/fr\/wp-json\/wp\/v2\/posts\/21826","targetHints":{"allow":["GET"]}}],"collection":[{"href":"https:\/\/www.ecopack.com\/fr\/wp-json\/wp\/v2\/posts"}],"about":[{"href":"https:\/\/www.ecopack.com\/fr\/wp-json\/wp\/v2\/types\/post"}],"author":[{"embeddable":true,"href":"https:\/\/www.ecopack.com\/fr\/wp-json\/wp\/v2\/users\/4"}],"replies":[{"embeddable":true,"href":"https:\/\/www.ecopack.com\/fr\/wp-json\/wp\/v2\/comments?post=21826"}],"version-history":[{"count":4,"href":"https:\/\/www.ecopack.com\/fr\/wp-json\/wp\/v2\/posts\/21826\/revisions"}],"predecessor-version":[{"id":21830,"href":"https:\/\/www.ecopack.com\/fr\/wp-json\/wp\/v2\/posts\/21826\/revisions\/21830"}],"wp:featuredmedia":[{"embeddable":true,"href":"https:\/\/www.ecopack.com\/fr\/wp-json\/wp\/v2\/media\/21810"}],"wp:attachment":[{"href":"https:\/\/www.ecopack.com\/fr\/wp-json\/wp\/v2\/media?parent=21826"}],"wp:term":[{"taxonomy":"category","embeddable":true,"href":"https:\/\/www.ecopack.com\/fr\/wp-json\/wp\/v2\/categories?post=21826"},{"taxonomy":"post_tag","embeddable":true,"href":"https:\/\/www.ecopack.com\/fr\/wp-json\/wp\/v2\/tags?post=21826"}],"curies":[{"name":"wp","href":"https:\/\/api.w.org\/{rel}","templated":true}]}}