{"id":9751,"date":"2023-09-28T16:55:10","date_gmt":"2023-09-28T14:55:10","guid":{"rendered":"https:\/\/www.ecopack.com\/ecopack-vers-une-reduction-significative-des-dechets-et-une-energie-propre\/"},"modified":"2023-09-28T17:40:31","modified_gmt":"2023-09-28T15:40:31","slug":"ecopack-vers-une-reduction-significative-des-dechets-et-une-energie-propre","status":"publish","type":"post","link":"https:\/\/www.ecopack.com\/fr\/ecopack-vers-une-reduction-significative-des-dechets-et-une-energie-propre\/","title":{"rendered":"Ecopack: vers une r\u00e9duction significative des d\u00e9chets et une \u00e9nergie propre"},"content":{"rendered":"<div class=\"fusion-fullwidth fullwidth-box fusion-builder-row-1 fusion-flex-container nonhundred-percent-fullwidth non-hundred-percent-height-scrolling\" style=\"--awb-border-radius-top-left:0px;--awb-border-radius-top-right:0px;--awb-border-radius-bottom-right:0px;--awb-border-radius-bottom-left:0px;--awb-flex-wrap:wrap;\" ><div class=\"fusion-builder-row fusion-row fusion-flex-align-items-flex-start fusion-flex-content-wrap\" style=\"max-width:1248px;margin-left: calc(-4% \/ 2 );margin-right: calc(-4% \/ 2 );\"><div class=\"fusion-layout-column fusion_builder_column fusion-builder-column-0 fusion_builder_column_1_1 1_1 fusion-flex-column\" style=\"--awb-bg-size:cover;--awb-width-large:100%;--awb-margin-top-large:0px;--awb-spacing-right-large:1.92%;--awb-margin-bottom-large:20px;--awb-spacing-left-large:1.92%;--awb-width-medium:100%;--awb-order-medium:0;--awb-spacing-right-medium:1.92%;--awb-spacing-left-medium:1.92%;--awb-width-small:100%;--awb-order-small:0;--awb-spacing-right-small:1.92%;--awb-spacing-left-small:1.92%;\"><div class=\"fusion-column-wrapper fusion-column-has-shadow fusion-flex-justify-content-flex-start fusion-content-layout-column\"><div class=\"fusion-text fusion-text-1\"><h3>Ecopack : \u00e0 la pointe du d\u00e9veloppement durable<\/h3>\n<p>Chez Ecopack, notre engagement en faveur du d\u00e9veloppement durable est inscrit dans notre nom et se trouve au c\u0153ur de tout ce que nous faisons.<\/p>\n<p>Il ne s&rsquo;agit pas de simples mots, mais d&rsquo;<strong>actions concr\u00e8tes<\/strong>, et nos efforts vont bien au-del\u00e0 de nos produits en papier.<\/p>\n<p>Au d\u00e9but de l&rsquo;ann\u00e9e 2023, nous avons d\u00e9cid\u00e9 d&rsquo;am\u00e9liorer consid\u00e9rablement nos indicateurs de durabilit\u00e9 par rapport \u00e0 l&rsquo;ann\u00e9e pr\u00e9c\u00e9dente, afin d&rsquo;aligner nos pratiques commerciales et \u00e9thiques sur l&rsquo;image que nous voulons donner \u00e0 nos clients : celle d&rsquo;une entreprise qui op\u00e8re de mani\u00e8re durable dans tous les aspects de son activit\u00e9. M\u00eame si la perfection n&rsquo;existe pas, nous avons pour mission d&rsquo;avoir un impact significatif et durable sur l&rsquo;environnement.<\/p>\n<p>Voici comment nous nous y prenons : en soulignant l&rsquo;importance de cr\u00e9er des produits compostables, de recycler, d&rsquo;optimiser la r\u00e9duction des d\u00e9chets <strong>et<\/strong> <strong>d&rsquo;accro\u00eetre l&rsquo;utilisation d&rsquo;\u00e9nergies propres.<\/strong><\/p>\n<h3>R\u00e9duction des d\u00e9chets et recyclage<\/h3>\n<p>Notre engagement en faveur du d\u00e9veloppement durable commence par une gestion intelligente des d\u00e9chets.<\/p>\n<p>Au cours des neuf derniers mois, nous avons mis en \u0153uvre un certain nombre de mesures visant \u00e0 r\u00e9duire les d\u00e9chets \u00e0 la source. Il s&rsquo;agit notamment d&rsquo;am\u00e9liorer nos pratiques de recyclage des d\u00e9chets dans tous les bureaux et au sein de notre production, et de minimiser l&rsquo;utilisation de mat\u00e9riaux g\u00e9n\u00e9rateurs de d\u00e9chets tels que le papier pour le s\u00e9chage des mains, en lui pr\u00e9f\u00e9rant des s\u00e8che-mains \u00e9lectriques.<\/p>\n<p>Nous avons organis\u00e9 des sessions de formation avec notre \u00e9quipe pour instiller l&rsquo;importance d&rsquo;une gestion responsable des d\u00e9chets et pour nous assurer que tout le monde \u00e9tait conscient de leur \u00e9limination correcte.<\/p>\n<p>Depuis le d\u00e9but, nous avons obtenu des r\u00e9sultats remarquables : au premier trimestre 2023, nous avons r\u00e9duit la production de d\u00e9chets de 20 %, puis de 51 % au deuxi\u00e8me trimestre et de 74 % au troisi\u00e8me trimestre.<\/p>\n<p>\u00c0 la fin de l&rsquo;ann\u00e9e 2023, <strong>Ecopack aura r\u00e9duit sa production de d\u00e9chets de 50 % au total.<\/strong><\/p>\n<p><img decoding=\"async\" class=\"alignnone wp-image-9757\" src=\"https:\/\/www.ecopack.com\/wp-content\/uploads\/2023\/09\/6.png\" alt=\"\" width=\"800\" height=\"800\" title=\"\" srcset=\"https:\/\/www.ecopack.com\/wp-content\/uploads\/2023\/09\/6-66x66.png 66w, https:\/\/www.ecopack.com\/wp-content\/uploads\/2023\/09\/6-150x150.png 150w, https:\/\/www.ecopack.com\/wp-content\/uploads\/2023\/09\/6-200x200.png 200w, https:\/\/www.ecopack.com\/wp-content\/uploads\/2023\/09\/6-300x300.png 300w, https:\/\/www.ecopack.com\/wp-content\/uploads\/2023\/09\/6-400x400.png 400w, https:\/\/www.ecopack.com\/wp-content\/uploads\/2023\/09\/6-600x600.png 600w, https:\/\/www.ecopack.com\/wp-content\/uploads\/2023\/09\/6-768x768.png 768w, https:\/\/www.ecopack.com\/wp-content\/uploads\/2023\/09\/6-800x800.png 800w, https:\/\/www.ecopack.com\/wp-content\/uploads\/2023\/09\/6-1024x1024.png 1024w, https:\/\/www.ecopack.com\/wp-content\/uploads\/2023\/09\/6.png 1080w\" sizes=\"(max-width: 800px) 100vw, 800px\" \/><\/p>\n<h3>\u00c9nergie renouvelable<\/h3>\n<p>En 2022, nous avons fait un grand pas vers la durabilit\u00e9 en installant des panneaux solaires.<\/p>\n<p>Le projet a dur\u00e9 un an et nos panneaux ont \u00e9t\u00e9 mis en service au d\u00e9but de 2023, <strong>g\u00e9n\u00e9rant 21 % des besoins \u00e9nerg\u00e9tiques de notre entreprise \u00e0 ce jour.<\/strong><\/p>\n<p>Notre engagement en faveur des sources d&rsquo;\u00e9nergie propres et renouvelables reste ferme, et nous n&rsquo;avons pas l&rsquo;intention de nous arr\u00eater l\u00e0 !<\/p>\n<p>Suivez-nous pour savoir quelles seront nos prochaines \u00e9tapes.<\/p>\n<p><img decoding=\"async\" class=\"alignnone wp-image-9760\" src=\"https:\/\/www.ecopack.com\/wp-content\/uploads\/2023\/09\/3.png\" alt=\"\" width=\"800\" height=\"800\" title=\"\" srcset=\"https:\/\/www.ecopack.com\/wp-content\/uploads\/2023\/09\/3-66x66.png 66w, https:\/\/www.ecopack.com\/wp-content\/uploads\/2023\/09\/3-150x150.png 150w, https:\/\/www.ecopack.com\/wp-content\/uploads\/2023\/09\/3-200x200.png 200w, https:\/\/www.ecopack.com\/wp-content\/uploads\/2023\/09\/3-300x300.png 300w, https:\/\/www.ecopack.com\/wp-content\/uploads\/2023\/09\/3-400x400.png 400w, https:\/\/www.ecopack.com\/wp-content\/uploads\/2023\/09\/3-600x600.png 600w, https:\/\/www.ecopack.com\/wp-content\/uploads\/2023\/09\/3-768x768.png 768w, https:\/\/www.ecopack.com\/wp-content\/uploads\/2023\/09\/3-800x800.png 800w, https:\/\/www.ecopack.com\/wp-content\/uploads\/2023\/09\/3-1024x1024.png 1024w, https:\/\/www.ecopack.com\/wp-content\/uploads\/2023\/09\/3.png 1080w\" sizes=\"(max-width: 800px) 100vw, 800px\" \/><\/p>\n<h3>Conclusions<\/h3>\n<p>Notre mission globale est de ma\u00eetriser les principes de l&rsquo;\u00e9conomie circulaire.<\/p>\n<p>Nous croyons en l&rsquo;utilisation de mat\u00e9riaux qui peuvent devenir du compost pour une nouvelle vie, en l&rsquo;utilisation d&rsquo;\u00e9nergie propre que nous pouvons produire et fournir nous-m\u00eames, et en la minimisation de l&rsquo;utilisation de mat\u00e9riaux qui finissent en d\u00e9chets.<\/p>\n<p>Un tri efficace des d\u00e9chets, r\u00e9alis\u00e9 en r\u00e9partissant nos d\u00e9chets dans diff\u00e9rents conteneurs, est une \u00e9tape cl\u00e9 dans cette direction. Il ne s&rsquo;agit pas seulement d&rsquo;un choix environnemental, mais d&rsquo;un devoir responsable et \u00e9thique que nous partageons tous.<\/p>\n<p>De m\u00eame, l&rsquo;installation de panneaux solaires nous aidera \u00e0 atteindre notre objectif de faire fonctionner notre entreprise avec une source d&rsquo;\u00e9nergie durable et propre, r\u00e9duisant ainsi notre empreinte carbone et l&rsquo;impact de notre activit\u00e9 sur l&rsquo;environnement.<\/p>\n<p>Notre engagement en faveur du d\u00e9veloppement durable va au-del\u00e0 des mots ; c&rsquo;est une promesse que nous tenons activement. Rejoignez-nous dans ce voyage transformateur vers un avenir plus propre! Choisissez Ecopack.<\/p>\n<p>Ensemble, nous avons le pouvoir de faire une diff\u00e9rence r\u00e9elle et durable!<\/p>\n<\/div><\/div><\/div><\/div><\/div>\n","protected":false},"excerpt":{"rendered":"","protected":false},"author":4,"featured_media":9754,"comment_status":"closed","ping_status":"closed","sticky":false,"template":"","format":"standard","meta":{"_acf_changed":false,"inline_featured_image":false,"footnotes":""},"categories":[260],"tags":[],"class_list":["post-9751","post","type-post","status-publish","format-standard","has-post-thumbnail","hentry","category-nouvelles"],"acf":[],"_links":{"self":[{"href":"https:\/\/www.ecopack.com\/fr\/wp-json\/wp\/v2\/posts\/9751","targetHints":{"allow":["GET"]}}],"collection":[{"href":"https:\/\/www.ecopack.com\/fr\/wp-json\/wp\/v2\/posts"}],"about":[{"href":"https:\/\/www.ecopack.com\/fr\/wp-json\/wp\/v2\/types\/post"}],"author":[{"embeddable":true,"href":"https:\/\/www.ecopack.com\/fr\/wp-json\/wp\/v2\/users\/4"}],"replies":[{"embeddable":true,"href":"https:\/\/www.ecopack.com\/fr\/wp-json\/wp\/v2\/comments?post=9751"}],"version-history":[{"count":0,"href":"https:\/\/www.ecopack.com\/fr\/wp-json\/wp\/v2\/posts\/9751\/revisions"}],"wp:featuredmedia":[{"embeddable":true,"href":"https:\/\/www.ecopack.com\/fr\/wp-json\/wp\/v2\/media\/9754"}],"wp:attachment":[{"href":"https:\/\/www.ecopack.com\/fr\/wp-json\/wp\/v2\/media?parent=9751"}],"wp:term":[{"taxonomy":"category","embeddable":true,"href":"https:\/\/www.ecopack.com\/fr\/wp-json\/wp\/v2\/categories?post=9751"},{"taxonomy":"post_tag","embeddable":true,"href":"https:\/\/www.ecopack.com\/fr\/wp-json\/wp\/v2\/tags?post=9751"}],"curies":[{"name":"wp","href":"https:\/\/api.w.org\/{rel}","templated":true}]}}