{"id":11438,"date":"2024-02-15T16:02:49","date_gmt":"2024-02-15T15:02:49","guid":{"rendered":"https:\/\/www.ecopack.com\/ecopack-publica-a-segunda-comunicacao-de-progresso-para-o-pacto-global-da-onu\/"},"modified":"2024-02-15T16:41:49","modified_gmt":"2024-02-15T15:41:49","slug":"ecopack-publica-a-segunda-comunicacao-de-progresso-para-o-pacto-global-da-onu","status":"publish","type":"post","link":"https:\/\/www.ecopack.com\/pt-br\/ecopack-publica-a-segunda-comunicacao-de-progresso-para-o-pacto-global-da-onu\/","title":{"rendered":"Ecopack publica a segunda Comunica\u00e7\u00e3o de Progresso para o Pacto Global da ONU"},"content":{"rendered":"<p>Mais uma vez este ano, temos o prazer de anunciar a renova\u00e7\u00e3o de nosso apoio aos 10 princ\u00edpios do Pacto Global da ONU. Nossos esfor\u00e7os cont\u00ednuos em prol da sustentabilidade e da responsabilidade corporativa s\u00e3o destacados em nosso relat\u00f3rio p\u00fablico, <a href=\"https:\/\/cop-report.unglobalcompact.org\/COPViewer\/2023?responseId=R_27rhVVDfYgoIrgy\" target=\"_blank\" rel=\"noopener\">dispon\u00edvel no site do Pacto Global<\/a>, um reflexo tang\u00edvel de nossa dedica\u00e7\u00e3o a uma economia global saud\u00e1vel e sustent\u00e1vel.<\/p>\n<p>O relat\u00f3rio publicado refere-se ao progresso feito no ano de 2022: ao longo do ano, todas as not\u00edcias (e s\u00e3o muitas!) s\u00e3o publicadas em nossos canais sociais. <a href=\"https:\/\/www.linkedin.com\/company\/ecopack-brasil\" target=\"_blank\" rel=\"noopener\">Siga-nos!<\/a><\/p>\n<p>E se voc\u00ea n\u00e3o tiver tempo para ler todas as 91 perguntas, inclu\u00edmos um breve resumo:<\/p>\n<h3>Direitos humanos e trabalho \u00e9tico<\/h3>\n<p>No campo dos direitos humanos e do trabalho \u00e9tico, a Ecopack adere firmemente ao Princ\u00edpio I, promovendo e respeitando os direitos humanos universalmente reconhecidos em nossas esferas de influ\u00eancia. Ao mesmo tempo, temos o compromisso de n\u00e3o sermos c\u00famplices de abusos dos direitos humanos, defendendo o Princ\u00edpio II.<\/p>\n<p>Nossas pol\u00edticas internas abordam essas quest\u00f5es delicadas, declarando claramente a posi\u00e7\u00e3o da Ecopack em rela\u00e7\u00e3o \u00e0s pr\u00e1ticas que n\u00e3o respeitam os direitos humanos, estabelecendo metas e acompanhando seu cumprimento.<\/p>\n<p>Com rela\u00e7\u00e3o ao trabalho, apoiamos a liberdade de associa\u00e7\u00e3o dos trabalhadores (Princ\u00edpio III) e reconhecemos o direito \u00e0 negocia\u00e7\u00e3o coletiva (Princ\u00edpio IV). N\u00f3s nos opomos a todas as formas de trabalho for\u00e7ado e compuls\u00f3rio (Princ\u00edpio V) e nos dedicamos \u00e0 elimina\u00e7\u00e3o do trabalho infantil (Princ\u00edpio VI), ressaltando nossa miss\u00e3o de criar um ambiente de trabalho \u00e9tico e justo.<\/p>\n<h3>Ambientalmente respons\u00e1vel: preven\u00e7\u00e3o e promo\u00e7\u00e3o<\/h3>\n<p>No setor ambiental, a Ecopack adota uma abordagem preventiva aos desafios ambientais (Princ\u00edpio VII). Promovemos a responsabilidade ambiental por meio de iniciativas concretas (Princ\u00edpio VIII) e incentivamos o desenvolvimento de tecnologias ecologicamente corretas (Princ\u00edpio IX). Nossa dedica\u00e7\u00e3o a essas pr\u00e1ticas reflete nosso compromisso com um futuro sustent\u00e1vel.<\/p>\n<p>Nossos pap\u00e9is s\u00e3o provenientes de florestas certificadas pelo FSC, e investimos anualmente na pesquisa e no desenvolvimento de solu\u00e7\u00f5es novas e mais sustent\u00e1veis em todos os aspectos de nossos neg\u00f3cios: no ano do relat\u00f3rio, criamos uma <a href=\"https:\/\/www.treedom.net\/it\/organization\/ecopack-s-p-a\/event\/ecopack-forest\" target=\"_blank\" rel=\"noopener\">floresta corporativa<\/a>, que se expandiu desde ent\u00e3o, como um presente para nossos clientes e funcion\u00e1rios.<\/p>\n<h3>Combate \u00e0 corrup\u00e7\u00e3o: transpar\u00eancia e integridade<\/h3>\n<p>Finalmente, no combate \u00e0 corrup\u00e7\u00e3o, a Ecopack est\u00e1 comprometida em agir contra todas as formas de suborno e corrup\u00e7\u00e3o, incluindo extors\u00e3o e propinas (Princ\u00edpio X). A transpar\u00eancia e a integridade est\u00e3o no centro de nossos valores, contribuindo para um ambiente de neg\u00f3cios \u00e9tico e respons\u00e1vel.<\/p>\n<h3>Um compromisso duradouro<\/h3>\n<p>Para n\u00f3s, apoiar o Pacto Global da ONU \u00e9 mais do que apenas um relat\u00f3rio; \u00e9 nossa filosofia corporativa, um testemunho tang\u00edvel de nosso compromisso de criar um impacto positivo no mundo. Continuaremos a buscar a sustentabilidade corporativa como o principal guia de nossas decis\u00f5es e a\u00e7\u00f5es, trabalhando juntos por um futuro melhor.<\/p>\n<p>Obrigado por fazer parte dessa jornada conosco.<\/p>\n","protected":false},"excerpt":{"rendered":"<p>Mais uma vez este ano, temos o prazer de anunciar  [&#8230;]<\/p>\n","protected":false},"author":4,"featured_media":11430,"comment_status":"closed","ping_status":"closed","sticky":false,"template":"","format":"standard","meta":{"_acf_changed":false,"inline_featured_image":false,"footnotes":""},"categories":[301],"tags":[],"class_list":["post-11438","post","type-post","status-publish","format-standard","has-post-thumbnail","hentry","category-nao-categorizado"],"acf":[],"_links":{"self":[{"href":"https:\/\/www.ecopack.com\/pt-br\/wp-json\/wp\/v2\/posts\/11438","targetHints":{"allow":["GET"]}}],"collection":[{"href":"https:\/\/www.ecopack.com\/pt-br\/wp-json\/wp\/v2\/posts"}],"about":[{"href":"https:\/\/www.ecopack.com\/pt-br\/wp-json\/wp\/v2\/types\/post"}],"author":[{"embeddable":true,"href":"https:\/\/www.ecopack.com\/pt-br\/wp-json\/wp\/v2\/users\/4"}],"replies":[{"embeddable":true,"href":"https:\/\/www.ecopack.com\/pt-br\/wp-json\/wp\/v2\/comments?post=11438"}],"version-history":[{"count":0,"href":"https:\/\/www.ecopack.com\/pt-br\/wp-json\/wp\/v2\/posts\/11438\/revisions"}],"wp:featuredmedia":[{"embeddable":true,"href":"https:\/\/www.ecopack.com\/pt-br\/wp-json\/wp\/v2\/media\/11430"}],"wp:attachment":[{"href":"https:\/\/www.ecopack.com\/pt-br\/wp-json\/wp\/v2\/media?parent=11438"}],"wp:term":[{"taxonomy":"category","embeddable":true,"href":"https:\/\/www.ecopack.com\/pt-br\/wp-json\/wp\/v2\/categories?post=11438"},{"taxonomy":"post_tag","embeddable":true,"href":"https:\/\/www.ecopack.com\/pt-br\/wp-json\/wp\/v2\/tags?post=11438"}],"curies":[{"name":"wp","href":"https:\/\/api.w.org\/{rel}","templated":true}]}}