{"id":15056,"date":"2024-10-29T12:56:25","date_gmt":"2024-10-29T11:56:25","guid":{"rendered":"https:\/\/www.ecopack.com\/?p=15056"},"modified":"2025-10-28T15:33:12","modified_gmt":"2025-10-28T14:33:12","slug":"juntos-pelo-bem-ecopack-em-prol-da-comunidade","status":"publish","type":"post","link":"https:\/\/www.ecopack.com\/pt-br\/juntos-pelo-bem-ecopack-em-prol-da-comunidade\/","title":{"rendered":"Juntos pelo Bem: Ecopack em prol da comunidade"},"content":{"rendered":"<p>\u201cJuntos pelo Bem\u201d \u00e9 uma campanha beneficente que, neste ano, focou na distribui\u00e7\u00e3o de formas de panetone para diferentes Institui\u00e7\u00f5es de Indaiatuba e de Salto. S\u00e3o elas: Comunidade Farol, Lar dos Velhos e Abrapec.<\/p>\n<h3><strong>Hist\u00f3rico das institui\u00e7\u00f5es<\/strong><\/h3>\n<ul>\n<li><strong>Lar dos Velhos<\/strong><\/li>\n<\/ul>\n<p>Eles abrigam idosos acima de 60 anos, carentes, desprovidos de condi\u00e7\u00f5es financeiras e familiares. Neste espa\u00e7o eles recebem assist\u00eancia alimentar, m\u00e9dica, de vestu\u00e1rio e lazer, bem como assist\u00eancia afetiva.<\/p>\n<ul>\n<li><strong>Comunidade Farol<\/strong><\/li>\n<\/ul>\n<p>A Comunidade Farol resgata e direciona para uma vida mais digna moradores de rua em situa\u00e7\u00e3o de abandono e exclus\u00e3o social. Possuem projetos de padaria e panifica\u00e7\u00e3o.<\/p>\n<ul>\n<li><strong>Abrapec <\/strong><\/li>\n<\/ul>\n<p>A ABRAPEC \u00e9 uma organiza\u00e7\u00e3o engajada em prestar suporte socioecon\u00f4mico, de reabilita\u00e7\u00e3o f\u00edsica-emocional e jur\u00eddico \u00e0s pessoas em tratamento de c\u00e2ncer na situa\u00e7\u00e3o de vulnerabilidade social, incluindo atendimento aos familiares e cuidadores.<\/p>\n<ul>\n<li><strong>Grupo Esp\u00edrita Esperan\u00e7a e Caridade<\/strong><\/li>\n<\/ul>\n<p>O\u00a0<strong>GEEC (Grupo Esp\u00edrita Esperan\u00e7a e Caridade)<\/strong>, de S\u00e3o Jos\u00e9 do Rio Preto, S\u00e3o Paulo, produz panetones para financiar atividades sociais.<\/p>\n<ul>\n<li><strong>Associa\u00e7\u00e3o de Apoio Esperan\u00e7a e Vida<\/strong><\/li>\n<\/ul>\n<p>Associa\u00e7\u00e3o de Apoio Esperan\u00e7a e Vida, de Campinas, S\u00e3o Paulo, produz panetones e chocotones para financiar atividades sociais.<\/p>\n<p><img decoding=\"async\" class=\"aligncenter wp-image-15057\" src=\"https:\/\/www.ecopack.com\/wp-content\/uploads\/2024\/10\/4.png\" alt=\"Da esquerda para a direita, de cima para baixo: Bianca, da Abrapec, Carol, do Lar dos Velhos e acolhidos pela Comunidade Farol\" width=\"637\" height=\"637\" title=\"\" srcset=\"https:\/\/www.ecopack.com\/wp-content\/uploads\/2024\/10\/4-66x66.png 66w, https:\/\/www.ecopack.com\/wp-content\/uploads\/2024\/10\/4-150x150.png 150w, https:\/\/www.ecopack.com\/wp-content\/uploads\/2024\/10\/4-200x200.png 200w, https:\/\/www.ecopack.com\/wp-content\/uploads\/2024\/10\/4-300x300.png 300w, https:\/\/www.ecopack.com\/wp-content\/uploads\/2024\/10\/4-400x400.png 400w, https:\/\/www.ecopack.com\/wp-content\/uploads\/2024\/10\/4-600x600.png 600w, https:\/\/www.ecopack.com\/wp-content\/uploads\/2024\/10\/4-768x768.png 768w, https:\/\/www.ecopack.com\/wp-content\/uploads\/2024\/10\/4-800x800.png 800w, https:\/\/www.ecopack.com\/wp-content\/uploads\/2024\/10\/4-1024x1024.png 1024w, https:\/\/www.ecopack.com\/wp-content\/uploads\/2024\/10\/4.png 1080w\" sizes=\"(max-width: 637px) 100vw, 637px\" \/><\/p>\n<p>&nbsp;<\/p>\n<p><img decoding=\"async\" class=\"aligncenter wp-image-15317 size-medium\" src=\"https:\/\/www.ecopack.com\/wp-content\/uploads\/2024\/10\/geec-300x300.jpg\" alt=\"\" width=\"300\" height=\"300\" title=\"\" srcset=\"https:\/\/www.ecopack.com\/wp-content\/uploads\/2024\/10\/geec-66x66.jpg 66w, https:\/\/www.ecopack.com\/wp-content\/uploads\/2024\/10\/geec-150x150.jpg 150w, https:\/\/www.ecopack.com\/wp-content\/uploads\/2024\/10\/geec-200x200.jpg 200w, https:\/\/www.ecopack.com\/wp-content\/uploads\/2024\/10\/geec-300x300.jpg 300w, https:\/\/www.ecopack.com\/wp-content\/uploads\/2024\/10\/geec-400x400.jpg 400w, https:\/\/www.ecopack.com\/wp-content\/uploads\/2024\/10\/geec-600x600.jpg 600w, https:\/\/www.ecopack.com\/wp-content\/uploads\/2024\/10\/geec-768x768.jpg 768w, https:\/\/www.ecopack.com\/wp-content\/uploads\/2024\/10\/geec-800x800.jpg 800w, https:\/\/www.ecopack.com\/wp-content\/uploads\/2024\/10\/geec-1024x1024.jpg 1024w, https:\/\/www.ecopack.com\/wp-content\/uploads\/2024\/10\/geec.jpg 1080w\" sizes=\"(max-width: 300px) 100vw, 300px\" \/><\/p>\n<p><img decoding=\"async\" class=\"aligncenter wp-image-15312 size-medium\" src=\"https:\/\/www.ecopack.com\/wp-content\/uploads\/2024\/10\/Associacao-de-Apoio-Esperanca-e-Vida-Post-do-instagram-sobre-campanha-solidaria-300x300.jpg\" alt=\"\" width=\"300\" height=\"300\" title=\"\" srcset=\"https:\/\/www.ecopack.com\/wp-content\/uploads\/2024\/10\/Associacao-de-Apoio-Esperanca-e-Vida-Post-do-instagram-sobre-campanha-solidaria-66x66.jpg 66w, https:\/\/www.ecopack.com\/wp-content\/uploads\/2024\/10\/Associacao-de-Apoio-Esperanca-e-Vida-Post-do-instagram-sobre-campanha-solidaria-150x150.jpg 150w, https:\/\/www.ecopack.com\/wp-content\/uploads\/2024\/10\/Associacao-de-Apoio-Esperanca-e-Vida-Post-do-instagram-sobre-campanha-solidaria-200x200.jpg 200w, https:\/\/www.ecopack.com\/wp-content\/uploads\/2024\/10\/Associacao-de-Apoio-Esperanca-e-Vida-Post-do-instagram-sobre-campanha-solidaria-300x300.jpg 300w, https:\/\/www.ecopack.com\/wp-content\/uploads\/2024\/10\/Associacao-de-Apoio-Esperanca-e-Vida-Post-do-instagram-sobre-campanha-solidaria-400x400.jpg 400w, https:\/\/www.ecopack.com\/wp-content\/uploads\/2024\/10\/Associacao-de-Apoio-Esperanca-e-Vida-Post-do-instagram-sobre-campanha-solidaria-600x600.jpg 600w, https:\/\/www.ecopack.com\/wp-content\/uploads\/2024\/10\/Associacao-de-Apoio-Esperanca-e-Vida-Post-do-instagram-sobre-campanha-solidaria-768x768.jpg 768w, https:\/\/www.ecopack.com\/wp-content\/uploads\/2024\/10\/Associacao-de-Apoio-Esperanca-e-Vida-Post-do-instagram-sobre-campanha-solidaria-800x800.jpg 800w, https:\/\/www.ecopack.com\/wp-content\/uploads\/2024\/10\/Associacao-de-Apoio-Esperanca-e-Vida-Post-do-instagram-sobre-campanha-solidaria-1024x1024.jpg 1024w, https:\/\/www.ecopack.com\/wp-content\/uploads\/2024\/10\/Associacao-de-Apoio-Esperanca-e-Vida-Post-do-instagram-sobre-campanha-solidaria.jpg 1080w\" sizes=\"(max-width: 300px) 100vw, 300px\" \/><\/p>\n<p>Essas doa\u00e7\u00f5es foram feitas entre outubro e dezembro de 2024.<\/p>\n<p><strong>Atualiza\u00e7\u00f5es: <\/strong>em abril de 2025, a Ecopack Brasil doou formas de Colomba para a Associa\u00e7\u00e3o de Apoio Esperan\u00e7a e Vida.<\/p>\n<p>Em setembro de 2025, a Ecopack Brasil doou formas de Panetone para a Associa\u00e7\u00e3o de Apoio Esperan\u00e7a e Vida.<\/p>\n<h3>Objetivo da campanha<\/h3>\n<p>Com as formas, esperamos levar um pouco mais de alegria e conforto a todos os assistidos por essas institui\u00e7\u00f5es.<\/p>\n<p>A Ecopack apoia, tanto local quanto internacionalmente, <a href=\"https:\/\/www.ecopack.com\/pt-br\/solucoes-ambientalmente-sustentaveis-para-o-setor-de-alimentos\/\">diferentes entidades<\/a> que trabalham para tornar o mundo um lugar melhor.<\/p>\n<p>Apoiamos o <a href=\"https:\/\/www.ecopack.com\/pt-br\/ecopack-e-a-terceira-comunicacao-sobre-o-progresso-nosso-compromisso-continuo-com-a-sustentabilidade\/\">Pacto Global da ONU<\/a> e seguimos seus princ\u00edpios sobre direitos humanos, direitos dos trabalhadores e direitos ambientais.<\/p>\n<p>Agradecemos a administra\u00e7\u00e3o de cada uma dessas institui\u00e7\u00f5es, colaboradores e amigos que tornaram poss\u00edvel essa campanha!<\/p>\n<p>Voc\u00ea tamb\u00e9m faz parte de uma institui\u00e7\u00e3o e gostaria de receber ajuda? <a href=\"mailto:marketing_brasil@ecopack.com\">Entre em contato conosco<\/a>.<\/p>\n<p>Juntos somos mais fortes, Juntos pelo Bem!<\/p>\n","protected":false},"excerpt":{"rendered":"<p>\u201cJuntos pelo Bem\u201d \u00e9 uma campanha beneficente que, neste ano,  [&#8230;]<\/p>\n","protected":false},"author":5,"featured_media":15083,"comment_status":"closed","ping_status":"open","sticky":false,"template":"","format":"standard","meta":{"_acf_changed":false,"inline_featured_image":false,"footnotes":""},"categories":[301],"tags":[547,550,545,546,549,539,541,542,548,540,543,544,551,552],"class_list":["post-15056","post","type-post","status-publish","format-standard","has-post-thumbnail","hentry","category-nao-categorizado","tag-abrapec","tag-apoio","tag-beneficente","tag-caridade","tag-comunidade-farol","tag-doacao","tag-forma-de-panetone","tag-indaiatuba","tag-lar-dos-velhos","tag-panetone","tag-salto","tag-sao-paulo","tag-solidariedade","tag-voluntario"],"acf":[],"_links":{"self":[{"href":"https:\/\/www.ecopack.com\/pt-br\/wp-json\/wp\/v2\/posts\/15056","targetHints":{"allow":["GET"]}}],"collection":[{"href":"https:\/\/www.ecopack.com\/pt-br\/wp-json\/wp\/v2\/posts"}],"about":[{"href":"https:\/\/www.ecopack.com\/pt-br\/wp-json\/wp\/v2\/types\/post"}],"author":[{"embeddable":true,"href":"https:\/\/www.ecopack.com\/pt-br\/wp-json\/wp\/v2\/users\/5"}],"replies":[{"embeddable":true,"href":"https:\/\/www.ecopack.com\/pt-br\/wp-json\/wp\/v2\/comments?post=15056"}],"version-history":[{"count":5,"href":"https:\/\/www.ecopack.com\/pt-br\/wp-json\/wp\/v2\/posts\/15056\/revisions"}],"predecessor-version":[{"id":21109,"href":"https:\/\/www.ecopack.com\/pt-br\/wp-json\/wp\/v2\/posts\/15056\/revisions\/21109"}],"wp:featuredmedia":[{"embeddable":true,"href":"https:\/\/www.ecopack.com\/pt-br\/wp-json\/wp\/v2\/media\/15083"}],"wp:attachment":[{"href":"https:\/\/www.ecopack.com\/pt-br\/wp-json\/wp\/v2\/media?parent=15056"}],"wp:term":[{"taxonomy":"category","embeddable":true,"href":"https:\/\/www.ecopack.com\/pt-br\/wp-json\/wp\/v2\/categories?post=15056"},{"taxonomy":"post_tag","embeddable":true,"href":"https:\/\/www.ecopack.com\/pt-br\/wp-json\/wp\/v2\/tags?post=15056"}],"curies":[{"name":"wp","href":"https:\/\/api.w.org\/{rel}","templated":true}]}}