{"id":19213,"date":"2025-05-16T15:21:08","date_gmt":"2025-05-16T13:21:08","guid":{"rendered":"https:\/\/www.ecopack.com\/?p=19213"},"modified":"2025-05-16T15:21:08","modified_gmt":"2025-05-16T13:21:08","slug":"ecopack-marca-presenca-na-apas-2025","status":"publish","type":"post","link":"https:\/\/www.ecopack.com\/pt-br\/ecopack-marca-presenca-na-apas-2025\/","title":{"rendered":"Ecopack marca presen\u00e7a na Apas 2025"},"content":{"rendered":"<p>A <strong><a href=\"https:\/\/www.ecopack.com\/pt-br\/visite-a-ecopack-na-apas-show-2025\/\">Apas<\/a><\/strong> 2025 \u00e9 reconhecida como o maior evento de alimentos e bebidas das Am\u00e9ricas e o maior festival supermercadista do mundo. E a <strong>Ecopack<\/strong> n\u00e3o poderia ficar de fora.<\/p>\n<p>Todos os anos, durante quatro dias, marcas exp\u00f5em novidades e tend\u00eancias para o setor: alimentos, bebidas, tecnologia, inova\u00e7\u00e3o, log\u00edstica, finan\u00e7as, infraestrutura, equipamentos e muito mais.<\/p>\n<p>O evento conecta empresas e pessoas que podem ampliar o networking e fechar parcerias estrat\u00e9gicas.<\/p>\n<p>A <strong>Ecopack<\/strong> foi uma das expositoras nesse ano: com um stand que une sustentabilidade e inova\u00e7\u00e3o, apresentamos nossa linha de produtos que atende tanto grandes linhas de produ\u00e7\u00e3o quanto profissionais que produzem artesanalmente.<\/p>\n<p><img decoding=\"async\" class=\"alignnone wp-image-19214 \" src=\"https:\/\/www.ecopack.com\/wp-content\/uploads\/2025\/05\/0df2d9b5-5255-4fe0-ad20-288dfbc3a3c2-768x1024.jpg\" alt=\"\" width=\"567\" height=\"756\" title=\"\" srcset=\"https:\/\/www.ecopack.com\/wp-content\/uploads\/2025\/05\/0df2d9b5-5255-4fe0-ad20-288dfbc3a3c2-200x267.jpg 200w, https:\/\/www.ecopack.com\/wp-content\/uploads\/2025\/05\/0df2d9b5-5255-4fe0-ad20-288dfbc3a3c2-225x300.jpg 225w, https:\/\/www.ecopack.com\/wp-content\/uploads\/2025\/05\/0df2d9b5-5255-4fe0-ad20-288dfbc3a3c2-400x533.jpg 400w, https:\/\/www.ecopack.com\/wp-content\/uploads\/2025\/05\/0df2d9b5-5255-4fe0-ad20-288dfbc3a3c2-600x800.jpg 600w, https:\/\/www.ecopack.com\/wp-content\/uploads\/2025\/05\/0df2d9b5-5255-4fe0-ad20-288dfbc3a3c2-768x1024.jpg 768w, https:\/\/www.ecopack.com\/wp-content\/uploads\/2025\/05\/0df2d9b5-5255-4fe0-ad20-288dfbc3a3c2-800x1067.jpg 800w, https:\/\/www.ecopack.com\/wp-content\/uploads\/2025\/05\/0df2d9b5-5255-4fe0-ad20-288dfbc3a3c2.jpg 960w\" sizes=\"(max-width: 567px) 100vw, 567px\" \/><\/p>\n<p>Agradecemos aos nossos colaboradores que tornaram o evento poss\u00edvel e a quem nos visitou durante todos os dias do evento, clientes, parceiros e interessados em proteger o meio ambiente sem abrir m\u00e3o da qualidade e design.<\/p>\n<p><img decoding=\"async\" class=\"alignnone  wp-image-19219\" src=\"https:\/\/www.ecopack.com\/wp-content\/uploads\/2025\/05\/20250512_155302-576x1024.jpg\" alt=\"\" width=\"488\" height=\"868\" title=\"\" srcset=\"https:\/\/www.ecopack.com\/wp-content\/uploads\/2025\/05\/20250512_155302-169x300.jpg 169w, https:\/\/www.ecopack.com\/wp-content\/uploads\/2025\/05\/20250512_155302-200x356.jpg 200w, https:\/\/www.ecopack.com\/wp-content\/uploads\/2025\/05\/20250512_155302-400x711.jpg 400w, https:\/\/www.ecopack.com\/wp-content\/uploads\/2025\/05\/20250512_155302-576x1024.jpg 576w, https:\/\/www.ecopack.com\/wp-content\/uploads\/2025\/05\/20250512_155302-600x1067.jpg 600w, https:\/\/www.ecopack.com\/wp-content\/uploads\/2025\/05\/20250512_155302-768x1365.jpg 768w, https:\/\/www.ecopack.com\/wp-content\/uploads\/2025\/05\/20250512_155302-800x1422.jpg 800w, https:\/\/www.ecopack.com\/wp-content\/uploads\/2025\/05\/20250512_155302-864x1536.jpg 864w, https:\/\/www.ecopack.com\/wp-content\/uploads\/2025\/05\/20250512_155302-1152x2048.jpg 1152w, https:\/\/www.ecopack.com\/wp-content\/uploads\/2025\/05\/20250512_155302-1200x2133.jpg 1200w, https:\/\/www.ecopack.com\/wp-content\/uploads\/2025\/05\/20250512_155302-scaled.jpg 1440w\" sizes=\"(max-width: 488px) 100vw, 488px\" \/><\/p>\n<p>Ano que vem tem mais!<\/p>\n","protected":false},"excerpt":{"rendered":"<p>A Apas 2025 \u00e9 reconhecida como o maior evento de  [&#8230;]<\/p>\n","protected":false},"author":5,"featured_media":19224,"comment_status":"closed","ping_status":"open","sticky":false,"template":"","format":"standard","meta":{"_acf_changed":false,"inline_featured_image":false,"footnotes":""},"categories":[301],"tags":[2386,2387,582,528,513,514],"class_list":["post-19213","post","type-post","status-publish","format-standard","has-post-thumbnail","hentry","category-nao-categorizado","tag-2386","tag-apas-pt-br","tag-embalagem","tag-forma","tag-papel","tag-sustentabilidade"],"acf":[],"_links":{"self":[{"href":"https:\/\/www.ecopack.com\/pt-br\/wp-json\/wp\/v2\/posts\/19213","targetHints":{"allow":["GET"]}}],"collection":[{"href":"https:\/\/www.ecopack.com\/pt-br\/wp-json\/wp\/v2\/posts"}],"about":[{"href":"https:\/\/www.ecopack.com\/pt-br\/wp-json\/wp\/v2\/types\/post"}],"author":[{"embeddable":true,"href":"https:\/\/www.ecopack.com\/pt-br\/wp-json\/wp\/v2\/users\/5"}],"replies":[{"embeddable":true,"href":"https:\/\/www.ecopack.com\/pt-br\/wp-json\/wp\/v2\/comments?post=19213"}],"version-history":[{"count":2,"href":"https:\/\/www.ecopack.com\/pt-br\/wp-json\/wp\/v2\/posts\/19213\/revisions"}],"predecessor-version":[{"id":19230,"href":"https:\/\/www.ecopack.com\/pt-br\/wp-json\/wp\/v2\/posts\/19213\/revisions\/19230"}],"wp:featuredmedia":[{"embeddable":true,"href":"https:\/\/www.ecopack.com\/pt-br\/wp-json\/wp\/v2\/media\/19224"}],"wp:attachment":[{"href":"https:\/\/www.ecopack.com\/pt-br\/wp-json\/wp\/v2\/media?parent=19213"}],"wp:term":[{"taxonomy":"category","embeddable":true,"href":"https:\/\/www.ecopack.com\/pt-br\/wp-json\/wp\/v2\/categories?post=19213"},{"taxonomy":"post_tag","embeddable":true,"href":"https:\/\/www.ecopack.com\/pt-br\/wp-json\/wp\/v2\/tags?post=19213"}],"curies":[{"name":"wp","href":"https:\/\/api.w.org\/{rel}","templated":true}]}}