{"id":19273,"date":"2025-05-23T21:14:01","date_gmt":"2025-05-23T19:14:01","guid":{"rendered":"https:\/\/www.ecopack.com\/?p=19273"},"modified":"2025-05-23T21:14:01","modified_gmt":"2025-05-23T19:14:01","slug":"ecopack-marca-presenca-na-feind-2025","status":"publish","type":"post","link":"https:\/\/www.ecopack.com\/pt-br\/ecopack-marca-presenca-na-feind-2025\/","title":{"rendered":"Ecopack marca presen\u00e7a na FeInd 2025"},"content":{"rendered":"<p>A <strong>Ecopack<\/strong> participou da 11\u00aa <strong>FeInd 2025<\/strong>, a Feira das Ind\u00fastrias de Indaiatuba, que impulsiona o crescimento e a excel\u00eancia na ind\u00fastria.<\/p>\n<p>De 20 a 22 de maio estivemos no Espa\u00e7o Viber, em Indaiatuba, com um stand preparado para apresentar nossas formas sustent\u00e1veis e solu\u00e7\u00f5es personalizadas para tornar o seu neg\u00f3cio mais eficiente, econ\u00f4mico e eco-friendly.<\/p>\n<p><img decoding=\"async\" class=\"alignnone  wp-image-19269\" src=\"https:\/\/www.ecopack.com\/wp-content\/uploads\/2025\/05\/WhatsApp-Image-2025-05-21-at-21.36.37-1024x1024.jpeg\" alt=\"\" width=\"554\" height=\"554\" title=\"\" srcset=\"https:\/\/www.ecopack.com\/wp-content\/uploads\/2025\/05\/WhatsApp-Image-2025-05-21-at-21.36.37-66x66.jpeg 66w, https:\/\/www.ecopack.com\/wp-content\/uploads\/2025\/05\/WhatsApp-Image-2025-05-21-at-21.36.37-150x150.jpeg 150w, https:\/\/www.ecopack.com\/wp-content\/uploads\/2025\/05\/WhatsApp-Image-2025-05-21-at-21.36.37-200x200.jpeg 200w, https:\/\/www.ecopack.com\/wp-content\/uploads\/2025\/05\/WhatsApp-Image-2025-05-21-at-21.36.37-300x300.jpeg 300w, https:\/\/www.ecopack.com\/wp-content\/uploads\/2025\/05\/WhatsApp-Image-2025-05-21-at-21.36.37-400x400.jpeg 400w, https:\/\/www.ecopack.com\/wp-content\/uploads\/2025\/05\/WhatsApp-Image-2025-05-21-at-21.36.37-600x600.jpeg 600w, https:\/\/www.ecopack.com\/wp-content\/uploads\/2025\/05\/WhatsApp-Image-2025-05-21-at-21.36.37-768x768.jpeg 768w, https:\/\/www.ecopack.com\/wp-content\/uploads\/2025\/05\/WhatsApp-Image-2025-05-21-at-21.36.37-800x800.jpeg 800w, https:\/\/www.ecopack.com\/wp-content\/uploads\/2025\/05\/WhatsApp-Image-2025-05-21-at-21.36.37-1024x1024.jpeg 1024w, https:\/\/www.ecopack.com\/wp-content\/uploads\/2025\/05\/WhatsApp-Image-2025-05-21-at-21.36.37-1200x1200.jpeg 1200w, https:\/\/www.ecopack.com\/wp-content\/uploads\/2025\/05\/WhatsApp-Image-2025-05-21-at-21.36.37-1536x1536.jpeg 1536w\" sizes=\"(max-width: 554px) 100vw, 554px\" \/><\/p>\n<p>Nossa equipe estava pronta para receber os interessados, tirar d\u00favidas, apresentar novidades e discutir como podemos colaborar ainda mais com o sucesso da sua empresa.<\/p>\n<p>Agradecemos aos nossos colaboradores que tornaram esse evento poss\u00edvel, a todos que nos visitaram durante os dias da feira e \u00e0 organiza\u00e7\u00e3o que foi sempre muito atenciosa e prestativa.<\/p>\n<p>Nos vemos na pr\u00f3xima!<\/p>\n","protected":false},"excerpt":{"rendered":"<p>A Ecopack participou da 11\u00aa FeInd 2025, a Feira das  [&#8230;]<\/p>\n","protected":false},"author":5,"featured_media":19274,"comment_status":"closed","ping_status":"open","sticky":false,"template":"","format":"standard","meta":{"_acf_changed":false,"inline_featured_image":false,"footnotes":""},"categories":[301],"tags":[519,2400,2407,542,2401],"class_list":["post-19273","post","type-post","status-publish","format-standard","has-post-thumbnail","hentry","category-nao-categorizado","tag-ecopack-pt-br","tag-feind","tag-feira","tag-indaiatuba","tag-industria"],"acf":[],"_links":{"self":[{"href":"https:\/\/www.ecopack.com\/pt-br\/wp-json\/wp\/v2\/posts\/19273","targetHints":{"allow":["GET"]}}],"collection":[{"href":"https:\/\/www.ecopack.com\/pt-br\/wp-json\/wp\/v2\/posts"}],"about":[{"href":"https:\/\/www.ecopack.com\/pt-br\/wp-json\/wp\/v2\/types\/post"}],"author":[{"embeddable":true,"href":"https:\/\/www.ecopack.com\/pt-br\/wp-json\/wp\/v2\/users\/5"}],"replies":[{"embeddable":true,"href":"https:\/\/www.ecopack.com\/pt-br\/wp-json\/wp\/v2\/comments?post=19273"}],"version-history":[{"count":2,"href":"https:\/\/www.ecopack.com\/pt-br\/wp-json\/wp\/v2\/posts\/19273\/revisions"}],"predecessor-version":[{"id":19280,"href":"https:\/\/www.ecopack.com\/pt-br\/wp-json\/wp\/v2\/posts\/19273\/revisions\/19280"}],"wp:featuredmedia":[{"embeddable":true,"href":"https:\/\/www.ecopack.com\/pt-br\/wp-json\/wp\/v2\/media\/19274"}],"wp:attachment":[{"href":"https:\/\/www.ecopack.com\/pt-br\/wp-json\/wp\/v2\/media?parent=19273"}],"wp:term":[{"taxonomy":"category","embeddable":true,"href":"https:\/\/www.ecopack.com\/pt-br\/wp-json\/wp\/v2\/categories?post=19273"},{"taxonomy":"post_tag","embeddable":true,"href":"https:\/\/www.ecopack.com\/pt-br\/wp-json\/wp\/v2\/tags?post=19273"}],"curies":[{"name":"wp","href":"https:\/\/api.w.org\/{rel}","templated":true}]}}