{"id":20999,"date":"2025-10-16T21:47:57","date_gmt":"2025-10-16T19:47:57","guid":{"rendered":"https:\/\/www.ecopack.com\/?p=20999"},"modified":"2025-10-16T22:01:02","modified_gmt":"2025-10-16T20:01:02","slug":"juntos-pelo-bem-campanha-da-ecopack-ganha-mais-forca","status":"publish","type":"post","link":"https:\/\/www.ecopack.com\/pt-br\/juntos-pelo-bem-campanha-da-ecopack-ganha-mais-forca\/","title":{"rendered":"Juntos pelo Bem: campanha da Ecopack ganha mais for\u00e7a"},"content":{"rendered":"<p><em>A campanha beneficente Juntos pelo Bem continua<\/em><\/p>\n<p>Em setembro de 2025, tivemos a alegria de dar continuidade \u00e0 campanha Juntos pelo Bem, levando mais solidariedade e apoio \u00e0s pessoas assistidas pela <a href=\"https:\/\/www.instagram.com\/ecopackbrasil\/p\/DPTe2RNEYQ0\/\" target=\"_blank\" rel=\"noopener\">Associa\u00e7\u00e3o de Apoio Esperan\u00e7a e Vida<\/a>, em Campinas (SP).<\/p>\n<p>A <strong>Associa\u00e7\u00e3o de Apoio Esperan\u00e7a e Vida<\/strong> \u00e9 uma organiza\u00e7\u00e3o n\u00e3o governamental que oferece apoio multidisciplinar para pessoas com HIV\/AIDS, dependentes de \u00e1lcool e outras drogas, em situa\u00e7\u00e3o de risco social.<\/p>\n<p>As formas de panetone doadas pela Ecopack permitem que a Associa\u00e7\u00e3o produza panetones e outros produtos de panifica\u00e7\u00e3o em grande escala. Esses produtos s\u00e3o comercializados, gerando rendo para a continuidade do trabalho social.<\/p>\n<p><img decoding=\"async\" class=\"alignnone wp-image-21000\" src=\"https:\/\/www.ecopack.com\/wp-content\/uploads\/2025\/10\/WhatsApp-Image-2025-09-23-at-16.25.17-1024x576.jpeg\" alt=\"\" width=\"579\" height=\"326\" title=\"\" srcset=\"https:\/\/www.ecopack.com\/wp-content\/uploads\/2025\/10\/WhatsApp-Image-2025-09-23-at-16.25.17-200x113.jpeg 200w, https:\/\/www.ecopack.com\/wp-content\/uploads\/2025\/10\/WhatsApp-Image-2025-09-23-at-16.25.17-300x169.jpeg 300w, https:\/\/www.ecopack.com\/wp-content\/uploads\/2025\/10\/WhatsApp-Image-2025-09-23-at-16.25.17-400x225.jpeg 400w, https:\/\/www.ecopack.com\/wp-content\/uploads\/2025\/10\/WhatsApp-Image-2025-09-23-at-16.25.17-600x338.jpeg 600w, https:\/\/www.ecopack.com\/wp-content\/uploads\/2025\/10\/WhatsApp-Image-2025-09-23-at-16.25.17-768x432.jpeg 768w, https:\/\/www.ecopack.com\/wp-content\/uploads\/2025\/10\/WhatsApp-Image-2025-09-23-at-16.25.17-800x450.jpeg 800w, https:\/\/www.ecopack.com\/wp-content\/uploads\/2025\/10\/WhatsApp-Image-2025-09-23-at-16.25.17-1024x576.jpeg 1024w, https:\/\/www.ecopack.com\/wp-content\/uploads\/2025\/10\/WhatsApp-Image-2025-09-23-at-16.25.17-1200x675.jpeg 1200w, https:\/\/www.ecopack.com\/wp-content\/uploads\/2025\/10\/WhatsApp-Image-2025-09-23-at-16.25.17-1536x864.jpeg 1536w, https:\/\/www.ecopack.com\/wp-content\/uploads\/2025\/10\/WhatsApp-Image-2025-09-23-at-16.25.17.jpeg 1600w\" sizes=\"(max-width: 579px) 100vw, 579px\" \/><\/p>\n<p>Na Ecopack Brasil, acreditamos que pequenas a\u00e7\u00f5es podem gerar grandes impactos. Por isso, seguimos firmes em nosso compromisso de apoiar institui\u00e7\u00f5es que tornam o mundo um lugar melhor, unindo sustentabilidade, responsabilidade social e solidariedade.<\/p>\n<p><strong>Objetivo da campanha<\/strong><\/p>\n<p>Com as formas, esperamos levar um pouco mais de alegria e conforto a todos os assistidos por essas institui\u00e7\u00f5es.<\/p>\n<p>A Ecopack apoia, tanto local quanto internacionalmente, diferentes entidades que trabalham para tornar o mundo um lugar melhor.<\/p>\n<p>Apoiamos o Pacto Global da ONU e seguimos seus princ\u00edpios sobre direitos humanos, direitos dos trabalhadores e direitos ambientais.<\/p>\n<p>Agradecemos a administra\u00e7\u00e3o de cada uma dessas institui\u00e7\u00f5es, colaboradores e amigos que tornaram poss\u00edvel essa campanha!<\/p>\n<p>Voc\u00ea tamb\u00e9m faz parte de uma institui\u00e7\u00e3o e gostaria de receber ajuda? <a href=\"mailto:marketing_brasil@ecopack.com\">Entre em contato conosco<\/a>.<\/p>\n<p>&nbsp;<\/p>\n","protected":false},"excerpt":{"rendered":"<p>A campanha beneficente Juntos pelo Bem continua Em setembro de  [&#8230;]<\/p>\n","protected":false},"author":5,"featured_media":21016,"comment_status":"closed","ping_status":"open","sticky":false,"template":"","format":"standard","meta":{"_acf_changed":false,"inline_featured_image":false,"footnotes":""},"categories":[301],"tags":[516,3031,539,519,3032,540],"class_list":["post-20999","post","type-post","status-publish","format-standard","has-post-thumbnail","hentry","category-nao-categorizado","tag-brasil","tag-campanha-beneficente","tag-doacao","tag-ecopack-pt-br","tag-juntos-pelo-bem","tag-panetone"],"acf":[],"_links":{"self":[{"href":"https:\/\/www.ecopack.com\/pt-br\/wp-json\/wp\/v2\/posts\/20999","targetHints":{"allow":["GET"]}}],"collection":[{"href":"https:\/\/www.ecopack.com\/pt-br\/wp-json\/wp\/v2\/posts"}],"about":[{"href":"https:\/\/www.ecopack.com\/pt-br\/wp-json\/wp\/v2\/types\/post"}],"author":[{"embeddable":true,"href":"https:\/\/www.ecopack.com\/pt-br\/wp-json\/wp\/v2\/users\/5"}],"replies":[{"embeddable":true,"href":"https:\/\/www.ecopack.com\/pt-br\/wp-json\/wp\/v2\/comments?post=20999"}],"version-history":[{"count":1,"href":"https:\/\/www.ecopack.com\/pt-br\/wp-json\/wp\/v2\/posts\/20999\/revisions"}],"predecessor-version":[{"id":21010,"href":"https:\/\/www.ecopack.com\/pt-br\/wp-json\/wp\/v2\/posts\/20999\/revisions\/21010"}],"wp:featuredmedia":[{"embeddable":true,"href":"https:\/\/www.ecopack.com\/pt-br\/wp-json\/wp\/v2\/media\/21016"}],"wp:attachment":[{"href":"https:\/\/www.ecopack.com\/pt-br\/wp-json\/wp\/v2\/media?parent=20999"}],"wp:term":[{"taxonomy":"category","embeddable":true,"href":"https:\/\/www.ecopack.com\/pt-br\/wp-json\/wp\/v2\/categories?post=20999"},{"taxonomy":"post_tag","embeddable":true,"href":"https:\/\/www.ecopack.com\/pt-br\/wp-json\/wp\/v2\/tags?post=20999"}],"curies":[{"name":"wp","href":"https:\/\/api.w.org\/{rel}","templated":true}]}}